{"id":5752,"date":"2015-03-31T09:07:48","date_gmt":"2015-03-31T07:07:48","guid":{"rendered":"https:\/\/www.enmo-services.eu\/rental-2\/"},"modified":"2024-12-10T15:08:46","modified_gmt":"2024-12-10T14:08:46","slug":"location-de-materiel-bruel-kjaer","status":"publish","type":"post","link":"https:\/\/www.enmo-services.eu\/fr\/location-de-materiel-bruel-kjaer\/","title":{"rendered":"Location de mat\u00e9riel"},"content":{"rendered":"<h2>Location de mat\u00e9riel Br\u00fcel &amp; Kj\u00e6r<\/h2>\n<p style=\"text-align: justify;\">Avez-vous une campagne de mesure (\u00e0 court terme) pour laquelle l&rsquo;achat d&rsquo;\u00e9quipement est trop co\u00fbteux ? Ou utilisez-vous l&rsquo;\u00e9quipement de mani\u00e8re occasionnelle ? Vos instruments sont-ils en maintenance ou en calibration, mais vos projets de mesure quotidiens continuent-ils ? La location de mat\u00e9riel de mesure est alors la solution id\u00e9ale !<\/p>\n<p style=\"text-align: justify;\">Tous les instruments de mesure sont en excellent \u00e9tat technique. Les co\u00fbts sont clairs ; vous saurez \u00e0 l&rsquo;avance exactement combien co\u00fbtera la location du mat\u00e9riel de mesure.<\/p>\n<p style=\"text-align: justify;\">La location de mat\u00e9riel de mesure est soumise \u00e0 la disponibilit\u00e9, et la dur\u00e9e minimale de location que nous proposons est de deux semaines. Bien entendu, le contrat peut \u00eatre facilement prolong\u00e9 en fonction de vos besoins. Un contrat de location sera r\u00e9dig\u00e9, r\u00e9sumant clairement les termes convenus.<\/p>\n<p style=\"text-align: justify;\">ENMO propose \u00e9galement la possibilit\u00e9 de dispenser une formation sur le mat\u00e9riel de mesure concern\u00e9. Si vous le souhaitez, nous pouvons \u00e9galement fournir un support pendant l&rsquo;utilisation du mat\u00e9riel lou\u00e9.<\/p>\n<p style=\"text-align: justify;\">Ainsi, vous avez toujours acc\u00e8s \u00e0 des \u00e9quipements de mesure modernes ! Que ce soit pour un instrument ou plusieurs, deux semaines ou plusieurs mois, avec ENMO, vous pouvez toujours compter sur des offres comp\u00e9titives et une disponibilit\u00e9 optimale.<\/p>\n<p style=\"text-align: justify;\">Pour toute question concernant les options de location, veuillez nous contacter.<\/p>\n<p><img decoding=\"async\" class=\"alignnone wp-image-5791\" src=\"https:\/\/www.enmo-services.eu\/wp-content\/uploads\/2015\/03\/Powerpoint-Sound-level-meter-family.jpg\" alt=\"\" width=\"353\" height=\"292\" srcset=\"https:\/\/www.enmo-services.eu\/wp-content\/uploads\/2015\/03\/Powerpoint-Sound-level-meter-family.jpg 1000w, https:\/\/www.enmo-services.eu\/wp-content\/uploads\/2015\/03\/Powerpoint-Sound-level-meter-family-600x496.jpg 600w, https:\/\/www.enmo-services.eu\/wp-content\/uploads\/2015\/03\/Powerpoint-Sound-level-meter-family-768x635.jpg 768w\" sizes=\"(max-width: 353px) 100vw, 353px\" \/><img decoding=\"async\" class=\"alignnone wp-image-2987\" src=\"https:\/\/www.enmo-services.eu\/wp-content\/uploads\/2015\/03\/Lan-XI-Family-3-600x420.jpg\" alt=\"\" width=\"410\" height=\"287\" \/><\/p>\n","protected":false},"excerpt":{"rendered":"<p>Location de mat\u00e9riel Br\u00fcel &amp; Kj\u00e6r Avez-vous une campagne de mesure (\u00e0 court terme) pour laquelle l&rsquo;achat d&rsquo;\u00e9quipement est trop co\u00fbteux ? Ou utilisez-vous l&rsquo;\u00e9quipement de mani\u00e8re occasionnelle ? Vos instruments sont-ils en maintenance ou en calibration, mais vos projets de mesure quotidiens continuent-ils ? La location de mat\u00e9riel de mesure est alors la solution [&hellip;]<\/p>\n","protected":false},"author":1,"featured_media":5792,"comment_status":"open","ping_status":"open","sticky":false,"template":"","format":"standard","meta":{"_acf_changed":false,"footnotes":""},"categories":[12],"tags":[],"class_list":["post-5752","post","type-post","status-publish","format-standard","has-post-thumbnail","hentry","category-service-fr"],"acf":[],"yoast_head":"<!-- This site is optimized with the Yoast SEO plugin v28.4 - https:\/\/yoast.com\/product\/yoast-seo-wordpress\/ -->\n<title>Location de mat\u00e9riel - ENMO<\/title>\n<meta name=\"robots\" content=\"index, follow, max-snippet:-1, max-image-preview:large, max-video-preview:-1\" \/>\n<link rel=\"canonical\" href=\"https:\/\/www.enmo-services.eu\/fr\/location-de-materiel-bruel-kjaer\/\" \/>\n<meta property=\"og:locale\" content=\"fr_FR\" \/>\n<meta property=\"og:type\" content=\"article\" \/>\n<meta property=\"og:title\" content=\"Location de mat\u00e9riel - ENMO\" \/>\n<meta property=\"og:description\" content=\"Location de mat\u00e9riel Br\u00fcel &amp; Kj\u00e6r Avez-vous une campagne de mesure (\u00e0 court terme) pour laquelle l&rsquo;achat d&rsquo;\u00e9quipement est trop co\u00fbteux ? Ou utilisez-vous l&rsquo;\u00e9quipement de mani\u00e8re occasionnelle ? Vos instruments sont-ils en maintenance ou en calibration, mais vos projets de mesure quotidiens continuent-ils ? La location de mat\u00e9riel de mesure est alors la solution [&hellip;]\" \/>\n<meta property=\"og:url\" content=\"https:\/\/www.enmo-services.eu\/fr\/location-de-materiel-bruel-kjaer\/\" \/>\n<meta property=\"og:site_name\" content=\"ENMO\" \/>\n<meta property=\"article:published_time\" content=\"2015-03-31T07:07:48+00:00\" \/>\n<meta property=\"article:modified_time\" content=\"2024-12-10T14:08:46+00:00\" \/>\n<meta property=\"og:image\" content=\"https:\/\/www.enmo-services.eu\/wp-content\/uploads\/2015\/03\/Powerpoint-Sound-level-meter-family.jpg\" \/>\n\t<meta property=\"og:image:width\" content=\"1000\" \/>\n\t<meta property=\"og:image:height\" content=\"827\" \/>\n\t<meta property=\"og:image:type\" content=\"image\/jpeg\" \/>\n<meta name=\"author\" content=\"webit\" \/>\n<meta name=\"twitter:card\" content=\"summary_large_image\" \/>\n<meta name=\"twitter:label1\" content=\"\u00c9crit par\" \/>\n\t<meta name=\"twitter:data1\" content=\"webit\" \/>\n\t<meta name=\"twitter:label2\" content=\"Dur\u00e9e de lecture estim\u00e9e\" \/>\n\t<meta name=\"twitter:data2\" content=\"2 minutes\" \/>\n<script type=\"application\/ld+json\" class=\"yoast-schema-graph\">{\"@context\":\"https:\\\/\\\/schema.org\",\"@graph\":[{\"@type\":\"Article\",\"@id\":\"https:\\\/\\\/www.enmo-services.eu\\\/fr\\\/location-de-materiel-bruel-kjaer\\\/#article\",\"isPartOf\":{\"@id\":\"https:\\\/\\\/www.enmo-services.eu\\\/fr\\\/location-de-materiel-bruel-kjaer\\\/\"},\"author\":{\"name\":\"webit\",\"@id\":\"https:\\\/\\\/www.enmo-services.eu\\\/fr\\\/#\\\/schema\\\/person\\\/afea858da6d3874ebd800a02d4eb8582\"},\"headline\":\"Location de mat\u00e9riel\",\"datePublished\":\"2015-03-31T07:07:48+00:00\",\"dateModified\":\"2024-12-10T14:08:46+00:00\",\"mainEntityOfPage\":{\"@id\":\"https:\\\/\\\/www.enmo-services.eu\\\/fr\\\/location-de-materiel-bruel-kjaer\\\/\"},\"wordCount\":230,\"commentCount\":0,\"image\":{\"@id\":\"https:\\\/\\\/www.enmo-services.eu\\\/fr\\\/location-de-materiel-bruel-kjaer\\\/#primaryimage\"},\"thumbnailUrl\":\"https:\\\/\\\/www.enmo-services.eu\\\/wp-content\\\/uploads\\\/2015\\\/03\\\/Powerpoint-Sound-level-meter-family.jpg\",\"articleSection\":[\"Service @fr\"],\"inLanguage\":\"fr-FR\",\"potentialAction\":[{\"@type\":\"CommentAction\",\"name\":\"Comment\",\"target\":[\"https:\\\/\\\/www.enmo-services.eu\\\/fr\\\/location-de-materiel-bruel-kjaer\\\/#respond\"]}]},{\"@type\":\"WebPage\",\"@id\":\"https:\\\/\\\/www.enmo-services.eu\\\/fr\\\/location-de-materiel-bruel-kjaer\\\/\",\"url\":\"https:\\\/\\\/www.enmo-services.eu\\\/fr\\\/location-de-materiel-bruel-kjaer\\\/\",\"name\":\"Location de mat\u00e9riel - ENMO\",\"isPartOf\":{\"@id\":\"https:\\\/\\\/www.enmo-services.eu\\\/fr\\\/#website\"},\"primaryImageOfPage\":{\"@id\":\"https:\\\/\\\/www.enmo-services.eu\\\/fr\\\/location-de-materiel-bruel-kjaer\\\/#primaryimage\"},\"image\":{\"@id\":\"https:\\\/\\\/www.enmo-services.eu\\\/fr\\\/location-de-materiel-bruel-kjaer\\\/#primaryimage\"},\"thumbnailUrl\":\"https:\\\/\\\/www.enmo-services.eu\\\/wp-content\\\/uploads\\\/2015\\\/03\\\/Powerpoint-Sound-level-meter-family.jpg\",\"datePublished\":\"2015-03-31T07:07:48+00:00\",\"dateModified\":\"2024-12-10T14:08:46+00:00\",\"author\":{\"@id\":\"https:\\\/\\\/www.enmo-services.eu\\\/fr\\\/#\\\/schema\\\/person\\\/afea858da6d3874ebd800a02d4eb8582\"},\"breadcrumb\":{\"@id\":\"https:\\\/\\\/www.enmo-services.eu\\\/fr\\\/location-de-materiel-bruel-kjaer\\\/#breadcrumb\"},\"inLanguage\":\"fr-FR\",\"potentialAction\":[{\"@type\":\"ReadAction\",\"target\":[\"https:\\\/\\\/www.enmo-services.eu\\\/fr\\\/location-de-materiel-bruel-kjaer\\\/\"]}]},{\"@type\":\"ImageObject\",\"inLanguage\":\"fr-FR\",\"@id\":\"https:\\\/\\\/www.enmo-services.eu\\\/fr\\\/location-de-materiel-bruel-kjaer\\\/#primaryimage\",\"url\":\"https:\\\/\\\/www.enmo-services.eu\\\/wp-content\\\/uploads\\\/2015\\\/03\\\/Powerpoint-Sound-level-meter-family.jpg\",\"contentUrl\":\"https:\\\/\\\/www.enmo-services.eu\\\/wp-content\\\/uploads\\\/2015\\\/03\\\/Powerpoint-Sound-level-meter-family.jpg\",\"width\":1000,\"height\":827},{\"@type\":\"BreadcrumbList\",\"@id\":\"https:\\\/\\\/www.enmo-services.eu\\\/fr\\\/location-de-materiel-bruel-kjaer\\\/#breadcrumb\",\"itemListElement\":[{\"@type\":\"ListItem\",\"position\":1,\"name\":\"Home\",\"item\":\"https:\\\/\\\/www.enmo-services.eu\\\/fr\\\/\"},{\"@type\":\"ListItem\",\"position\":2,\"name\":\"Location de mat\u00e9riel\"}]},{\"@type\":\"WebSite\",\"@id\":\"https:\\\/\\\/www.enmo-services.eu\\\/fr\\\/#website\",\"url\":\"https:\\\/\\\/www.enmo-services.eu\\\/fr\\\/\",\"name\":\"ENMO\",\"description\":\"Service Partner in Sound &amp; Vibration\",\"potentialAction\":[{\"@type\":\"SearchAction\",\"target\":{\"@type\":\"EntryPoint\",\"urlTemplate\":\"https:\\\/\\\/www.enmo-services.eu\\\/fr\\\/?s={search_term_string}\"},\"query-input\":{\"@type\":\"PropertyValueSpecification\",\"valueRequired\":true,\"valueName\":\"search_term_string\"}}],\"inLanguage\":\"fr-FR\"},{\"@type\":\"Person\",\"@id\":\"https:\\\/\\\/www.enmo-services.eu\\\/fr\\\/#\\\/schema\\\/person\\\/afea858da6d3874ebd800a02d4eb8582\",\"name\":\"webit\",\"image\":{\"@type\":\"ImageObject\",\"inLanguage\":\"fr-FR\",\"@id\":\"https:\\\/\\\/secure.gravatar.com\\\/avatar\\\/e6ec64d51665fc52542232d23418a4d6247b62d0c8cedb7eb32f55e34b83a13c?s=96&d=mm&r=g\",\"url\":\"https:\\\/\\\/secure.gravatar.com\\\/avatar\\\/e6ec64d51665fc52542232d23418a4d6247b62d0c8cedb7eb32f55e34b83a13c?s=96&d=mm&r=g\",\"contentUrl\":\"https:\\\/\\\/secure.gravatar.com\\\/avatar\\\/e6ec64d51665fc52542232d23418a4d6247b62d0c8cedb7eb32f55e34b83a13c?s=96&d=mm&r=g\",\"caption\":\"webit\"},\"url\":\"https:\\\/\\\/www.enmo-services.eu\\\/fr\\\/author\\\/webit\\\/\"}]}<\/script>\n<!-- \/ Yoast SEO plugin. -->","yoast_head_json":{"title":"Location de mat\u00e9riel - ENMO","robots":{"index":"index","follow":"follow","max-snippet":"max-snippet:-1","max-image-preview":"max-image-preview:large","max-video-preview":"max-video-preview:-1"},"canonical":"https:\/\/www.enmo-services.eu\/fr\/location-de-materiel-bruel-kjaer\/","og_locale":"fr_FR","og_type":"article","og_title":"Location de mat\u00e9riel - ENMO","og_description":"Location de mat\u00e9riel Br\u00fcel &amp; Kj\u00e6r Avez-vous une campagne de mesure (\u00e0 court terme) pour laquelle l&rsquo;achat d&rsquo;\u00e9quipement est trop co\u00fbteux ? Ou utilisez-vous l&rsquo;\u00e9quipement de mani\u00e8re occasionnelle ? Vos instruments sont-ils en maintenance ou en calibration, mais vos projets de mesure quotidiens continuent-ils ? La location de mat\u00e9riel de mesure est alors la solution [&hellip;]","og_url":"https:\/\/www.enmo-services.eu\/fr\/location-de-materiel-bruel-kjaer\/","og_site_name":"ENMO","article_published_time":"2015-03-31T07:07:48+00:00","article_modified_time":"2024-12-10T14:08:46+00:00","og_image":[{"width":1000,"height":827,"url":"https:\/\/www.enmo-services.eu\/wp-content\/uploads\/2015\/03\/Powerpoint-Sound-level-meter-family.jpg","type":"image\/jpeg"}],"author":"webit","twitter_card":"summary_large_image","twitter_misc":{"\u00c9crit par":"webit","Dur\u00e9e de lecture estim\u00e9e":"2 minutes"},"schema":{"@context":"https:\/\/schema.org","@graph":[{"@type":"Article","@id":"https:\/\/www.enmo-services.eu\/fr\/location-de-materiel-bruel-kjaer\/#article","isPartOf":{"@id":"https:\/\/www.enmo-services.eu\/fr\/location-de-materiel-bruel-kjaer\/"},"author":{"name":"webit","@id":"https:\/\/www.enmo-services.eu\/fr\/#\/schema\/person\/afea858da6d3874ebd800a02d4eb8582"},"headline":"Location de mat\u00e9riel","datePublished":"2015-03-31T07:07:48+00:00","dateModified":"2024-12-10T14:08:46+00:00","mainEntityOfPage":{"@id":"https:\/\/www.enmo-services.eu\/fr\/location-de-materiel-bruel-kjaer\/"},"wordCount":230,"commentCount":0,"image":{"@id":"https:\/\/www.enmo-services.eu\/fr\/location-de-materiel-bruel-kjaer\/#primaryimage"},"thumbnailUrl":"https:\/\/www.enmo-services.eu\/wp-content\/uploads\/2015\/03\/Powerpoint-Sound-level-meter-family.jpg","articleSection":["Service @fr"],"inLanguage":"fr-FR","potentialAction":[{"@type":"CommentAction","name":"Comment","target":["https:\/\/www.enmo-services.eu\/fr\/location-de-materiel-bruel-kjaer\/#respond"]}]},{"@type":"WebPage","@id":"https:\/\/www.enmo-services.eu\/fr\/location-de-materiel-bruel-kjaer\/","url":"https:\/\/www.enmo-services.eu\/fr\/location-de-materiel-bruel-kjaer\/","name":"Location de mat\u00e9riel - ENMO","isPartOf":{"@id":"https:\/\/www.enmo-services.eu\/fr\/#website"},"primaryImageOfPage":{"@id":"https:\/\/www.enmo-services.eu\/fr\/location-de-materiel-bruel-kjaer\/#primaryimage"},"image":{"@id":"https:\/\/www.enmo-services.eu\/fr\/location-de-materiel-bruel-kjaer\/#primaryimage"},"thumbnailUrl":"https:\/\/www.enmo-services.eu\/wp-content\/uploads\/2015\/03\/Powerpoint-Sound-level-meter-family.jpg","datePublished":"2015-03-31T07:07:48+00:00","dateModified":"2024-12-10T14:08:46+00:00","author":{"@id":"https:\/\/www.enmo-services.eu\/fr\/#\/schema\/person\/afea858da6d3874ebd800a02d4eb8582"},"breadcrumb":{"@id":"https:\/\/www.enmo-services.eu\/fr\/location-de-materiel-bruel-kjaer\/#breadcrumb"},"inLanguage":"fr-FR","potentialAction":[{"@type":"ReadAction","target":["https:\/\/www.enmo-services.eu\/fr\/location-de-materiel-bruel-kjaer\/"]}]},{"@type":"ImageObject","inLanguage":"fr-FR","@id":"https:\/\/www.enmo-services.eu\/fr\/location-de-materiel-bruel-kjaer\/#primaryimage","url":"https:\/\/www.enmo-services.eu\/wp-content\/uploads\/2015\/03\/Powerpoint-Sound-level-meter-family.jpg","contentUrl":"https:\/\/www.enmo-services.eu\/wp-content\/uploads\/2015\/03\/Powerpoint-Sound-level-meter-family.jpg","width":1000,"height":827},{"@type":"BreadcrumbList","@id":"https:\/\/www.enmo-services.eu\/fr\/location-de-materiel-bruel-kjaer\/#breadcrumb","itemListElement":[{"@type":"ListItem","position":1,"name":"Home","item":"https:\/\/www.enmo-services.eu\/fr\/"},{"@type":"ListItem","position":2,"name":"Location de mat\u00e9riel"}]},{"@type":"WebSite","@id":"https:\/\/www.enmo-services.eu\/fr\/#website","url":"https:\/\/www.enmo-services.eu\/fr\/","name":"ENMO","description":"Service Partner in Sound &amp; Vibration","potentialAction":[{"@type":"SearchAction","target":{"@type":"EntryPoint","urlTemplate":"https:\/\/www.enmo-services.eu\/fr\/?s={search_term_string}"},"query-input":{"@type":"PropertyValueSpecification","valueRequired":true,"valueName":"search_term_string"}}],"inLanguage":"fr-FR"},{"@type":"Person","@id":"https:\/\/www.enmo-services.eu\/fr\/#\/schema\/person\/afea858da6d3874ebd800a02d4eb8582","name":"webit","image":{"@type":"ImageObject","inLanguage":"fr-FR","@id":"https:\/\/secure.gravatar.com\/avatar\/e6ec64d51665fc52542232d23418a4d6247b62d0c8cedb7eb32f55e34b83a13c?s=96&d=mm&r=g","url":"https:\/\/secure.gravatar.com\/avatar\/e6ec64d51665fc52542232d23418a4d6247b62d0c8cedb7eb32f55e34b83a13c?s=96&d=mm&r=g","contentUrl":"https:\/\/secure.gravatar.com\/avatar\/e6ec64d51665fc52542232d23418a4d6247b62d0c8cedb7eb32f55e34b83a13c?s=96&d=mm&r=g","caption":"webit"},"url":"https:\/\/www.enmo-services.eu\/fr\/author\/webit\/"}]}},"_links":{"self":[{"href":"https:\/\/www.enmo-services.eu\/fr\/wp-json\/wp\/v2\/posts\/5752","targetHints":{"allow":["GET"]}}],"collection":[{"href":"https:\/\/www.enmo-services.eu\/fr\/wp-json\/wp\/v2\/posts"}],"about":[{"href":"https:\/\/www.enmo-services.eu\/fr\/wp-json\/wp\/v2\/types\/post"}],"author":[{"embeddable":true,"href":"https:\/\/www.enmo-services.eu\/fr\/wp-json\/wp\/v2\/users\/1"}],"replies":[{"embeddable":true,"href":"https:\/\/www.enmo-services.eu\/fr\/wp-json\/wp\/v2\/comments?post=5752"}],"version-history":[{"count":3,"href":"https:\/\/www.enmo-services.eu\/fr\/wp-json\/wp\/v2\/posts\/5752\/revisions"}],"predecessor-version":[{"id":5846,"href":"https:\/\/www.enmo-services.eu\/fr\/wp-json\/wp\/v2\/posts\/5752\/revisions\/5846"}],"wp:featuredmedia":[{"embeddable":true,"href":"https:\/\/www.enmo-services.eu\/fr\/wp-json\/wp\/v2\/media\/5792"}],"wp:attachment":[{"href":"https:\/\/www.enmo-services.eu\/fr\/wp-json\/wp\/v2\/media?parent=5752"}],"wp:term":[{"taxonomy":"category","embeddable":true,"href":"https:\/\/www.enmo-services.eu\/fr\/wp-json\/wp\/v2\/categories?post=5752"},{"taxonomy":"post_tag","embeddable":true,"href":"https:\/\/www.enmo-services.eu\/fr\/wp-json\/wp\/v2\/tags?post=5752"}],"curies":[{"name":"wp","href":"https:\/\/api.w.org\/{rel}","templated":true}]}}