{"id":1772,"date":"2016-04-19T16:03:10","date_gmt":"2016-04-19T14:03:10","guid":{"rendered":"https:\/\/www.enmo-services.eu\/enmo-aanwezig-tijdens-isma-2016-2\/"},"modified":"2016-05-30T16:21:18","modified_gmt":"2016-05-30T14:21:18","slug":"enmo-aanwezig-tijdens-isma-2016","status":"publish","type":"post","link":"https:\/\/www.enmo-services.eu\/fr\/enmo-aanwezig-tijdens-isma-2016\/","title":{"rendered":"ENMO pr\u00e9sent \u00e0 ISMA 2016"},"content":{"rendered":"<p style=\"text-align: justify;\">Du 19 jusqu\u2019au 21 septembre prochain, ENMO pr\u00e9sentera, en collaboration avec Br\u00fcel &amp; Kj\u00e6r, ses solutions pour la mesure du son et vibrations pendant la 27eme \u00e9dition de la \u2018\u2019international Conference on Noise and Vibration Engineering (ISMA)\u2019\u2019 \u00e0 Louvain.\u00a0Cette ann\u00e9e, le ISMA se d\u00e9roulera en collaboration avec la 5eme \u00e9dition du \u2018\u2019International Conference on Uncertainty in Structural Dynamics (USD)\u2019\u2019.<\/p>\n<p style=\"text-align: justify;\">Cette bourse internationale avec conf\u00e9rence offre une plateforme pour ing\u00e9nieurs, analystes et autres professionnels qui sont actif sur le terrain de modeler, analyser, tester et am\u00e9liorer le son et les vibrations des syst\u00e8mes m\u00e9caniques et constructions civiles.\u00a0La conf\u00e9rence combine l\u2019expertise du son et vibration en indiquant des techniques communs de mesure, \u00a0modulisation, analyse et contr\u00f4le.\u00a0La conf\u00e9rence combine l\u2019expertise du son et vibration en indiquant des techniques communs de mesure, \u00a0modulisation, analyse et contr\u00f4le.<\/p>\n<p>ENMO et Br\u00fcel &amp; Kj\u00e6r seront situ\u00e9s aux stands 5 et 6. Vous pouvez vous inscrire via le lien suivant: <a href=\"https:\/\/www.isma-isaac.be\/isma_conf\/schedule.html\">https:\/\/www.isma-isaac.be\/isma_conf\/schedule.html<\/a><\/p>\n","protected":false},"excerpt":{"rendered":"<p>Du 19 jusqu\u2019au 21 septembre prochain, ENMO pr\u00e9sentera, en collaboration avec Br\u00fcel &amp; Kj\u00e6r, ses solutions pour la mesure du son et vibrations pendant la 27eme \u00e9dition de la \u2018\u2019international Conference on Noise and Vibration Engineering (ISMA)\u2019\u2019 \u00e0 Louvain.\u00a0Cette ann\u00e9e, le ISMA se d\u00e9roulera en collaboration avec la 5eme \u00e9dition du \u2018\u2019International Conference on Uncertainty [&hellip;]<\/p>\n","protected":false},"author":6,"featured_media":1647,"comment_status":"open","ping_status":"open","sticky":false,"template":"","format":"standard","meta":{"_acf_changed":false,"footnotes":""},"categories":[16],"tags":[],"class_list":["post-1772","post","type-post","status-publish","format-standard","has-post-thumbnail","hentry","category-invisible"],"acf":[],"yoast_head":"<!-- This site is optimized with the Yoast SEO plugin v27.5 - https:\/\/yoast.com\/product\/yoast-seo-wordpress\/ -->\n<title>ENMO pr\u00e9sent \u00e0 ISMA 2016 - ENMO<\/title>\n<meta name=\"robots\" content=\"index, follow, max-snippet:-1, max-image-preview:large, max-video-preview:-1\" \/>\n<link rel=\"canonical\" href=\"https:\/\/www.enmo-services.eu\/fr\/enmo-aanwezig-tijdens-isma-2016\/\" \/>\n<meta property=\"og:locale\" content=\"fr_FR\" \/>\n<meta property=\"og:type\" content=\"article\" \/>\n<meta property=\"og:title\" content=\"ENMO pr\u00e9sent \u00e0 ISMA 2016 - ENMO\" \/>\n<meta property=\"og:description\" content=\"Du 19 jusqu\u2019au 21 septembre prochain, ENMO pr\u00e9sentera, en collaboration avec Br\u00fcel &amp; Kj\u00e6r, ses solutions pour la mesure du son et vibrations pendant la 27eme \u00e9dition de la \u2018\u2019international Conference on Noise and Vibration Engineering (ISMA)\u2019\u2019 \u00e0 Louvain.\u00a0Cette ann\u00e9e, le ISMA se d\u00e9roulera en collaboration avec la 5eme \u00e9dition du \u2018\u2019International Conference on Uncertainty [&hellip;]\" \/>\n<meta property=\"og:url\" content=\"https:\/\/www.enmo-services.eu\/fr\/enmo-aanwezig-tijdens-isma-2016\/\" \/>\n<meta property=\"og:site_name\" content=\"ENMO\" \/>\n<meta property=\"article:published_time\" content=\"2016-04-19T14:03:10+00:00\" \/>\n<meta property=\"article:modified_time\" content=\"2016-05-30T14:21:18+00:00\" \/>\n<meta property=\"og:image\" content=\"https:\/\/www.enmo-services.eu\/wp-content\/uploads\/2016\/04\/isma2016_blokjes_klein.png\" \/>\n\t<meta property=\"og:image:width\" content=\"250\" \/>\n\t<meta property=\"og:image:height\" content=\"141\" \/>\n\t<meta property=\"og:image:type\" content=\"image\/png\" \/>\n<meta name=\"author\" content=\"Dirk Bogaerts\" \/>\n<meta name=\"twitter:card\" content=\"summary_large_image\" \/>\n<meta name=\"twitter:label1\" content=\"\u00c9crit par\" \/>\n\t<meta name=\"twitter:data1\" content=\"Dirk Bogaerts\" \/>\n\t<meta name=\"twitter:label2\" content=\"Dur\u00e9e de lecture estim\u00e9e\" \/>\n\t<meta name=\"twitter:data2\" content=\"1 minute\" \/>\n<script type=\"application\/ld+json\" class=\"yoast-schema-graph\">{\"@context\":\"https:\\\/\\\/schema.org\",\"@graph\":[{\"@type\":\"Article\",\"@id\":\"https:\\\/\\\/www.enmo-services.eu\\\/fr\\\/enmo-aanwezig-tijdens-isma-2016\\\/#article\",\"isPartOf\":{\"@id\":\"https:\\\/\\\/www.enmo-services.eu\\\/fr\\\/enmo-aanwezig-tijdens-isma-2016\\\/\"},\"author\":{\"name\":\"Dirk Bogaerts\",\"@id\":\"https:\\\/\\\/www.enmo-services.eu\\\/fr\\\/#\\\/schema\\\/person\\\/3b2b921dc8467219bdd53c4bd9d82d8d\"},\"headline\":\"ENMO pr\u00e9sent \u00e0 ISMA 2016\",\"datePublished\":\"2016-04-19T14:03:10+00:00\",\"dateModified\":\"2016-05-30T14:21:18+00:00\",\"mainEntityOfPage\":{\"@id\":\"https:\\\/\\\/www.enmo-services.eu\\\/fr\\\/enmo-aanwezig-tijdens-isma-2016\\\/\"},\"wordCount\":182,\"commentCount\":0,\"image\":{\"@id\":\"https:\\\/\\\/www.enmo-services.eu\\\/fr\\\/enmo-aanwezig-tijdens-isma-2016\\\/#primaryimage\"},\"thumbnailUrl\":\"https:\\\/\\\/www.enmo-services.eu\\\/wp-content\\\/uploads\\\/2016\\\/04\\\/isma2016_blokjes_klein.png\",\"articleSection\":[\"Invisible\"],\"inLanguage\":\"fr-FR\",\"potentialAction\":[{\"@type\":\"CommentAction\",\"name\":\"Comment\",\"target\":[\"https:\\\/\\\/www.enmo-services.eu\\\/fr\\\/enmo-aanwezig-tijdens-isma-2016\\\/#respond\"]}]},{\"@type\":\"WebPage\",\"@id\":\"https:\\\/\\\/www.enmo-services.eu\\\/fr\\\/enmo-aanwezig-tijdens-isma-2016\\\/\",\"url\":\"https:\\\/\\\/www.enmo-services.eu\\\/fr\\\/enmo-aanwezig-tijdens-isma-2016\\\/\",\"name\":\"ENMO pr\u00e9sent \u00e0 ISMA 2016 - ENMO\",\"isPartOf\":{\"@id\":\"https:\\\/\\\/www.enmo-services.eu\\\/fr\\\/#website\"},\"primaryImageOfPage\":{\"@id\":\"https:\\\/\\\/www.enmo-services.eu\\\/fr\\\/enmo-aanwezig-tijdens-isma-2016\\\/#primaryimage\"},\"image\":{\"@id\":\"https:\\\/\\\/www.enmo-services.eu\\\/fr\\\/enmo-aanwezig-tijdens-isma-2016\\\/#primaryimage\"},\"thumbnailUrl\":\"https:\\\/\\\/www.enmo-services.eu\\\/wp-content\\\/uploads\\\/2016\\\/04\\\/isma2016_blokjes_klein.png\",\"datePublished\":\"2016-04-19T14:03:10+00:00\",\"dateModified\":\"2016-05-30T14:21:18+00:00\",\"author\":{\"@id\":\"https:\\\/\\\/www.enmo-services.eu\\\/fr\\\/#\\\/schema\\\/person\\\/3b2b921dc8467219bdd53c4bd9d82d8d\"},\"breadcrumb\":{\"@id\":\"https:\\\/\\\/www.enmo-services.eu\\\/fr\\\/enmo-aanwezig-tijdens-isma-2016\\\/#breadcrumb\"},\"inLanguage\":\"fr-FR\",\"potentialAction\":[{\"@type\":\"ReadAction\",\"target\":[\"https:\\\/\\\/www.enmo-services.eu\\\/fr\\\/enmo-aanwezig-tijdens-isma-2016\\\/\"]}]},{\"@type\":\"ImageObject\",\"inLanguage\":\"fr-FR\",\"@id\":\"https:\\\/\\\/www.enmo-services.eu\\\/fr\\\/enmo-aanwezig-tijdens-isma-2016\\\/#primaryimage\",\"url\":\"https:\\\/\\\/www.enmo-services.eu\\\/wp-content\\\/uploads\\\/2016\\\/04\\\/isma2016_blokjes_klein.png\",\"contentUrl\":\"https:\\\/\\\/www.enmo-services.eu\\\/wp-content\\\/uploads\\\/2016\\\/04\\\/isma2016_blokjes_klein.png\",\"width\":250,\"height\":141},{\"@type\":\"BreadcrumbList\",\"@id\":\"https:\\\/\\\/www.enmo-services.eu\\\/fr\\\/enmo-aanwezig-tijdens-isma-2016\\\/#breadcrumb\",\"itemListElement\":[{\"@type\":\"ListItem\",\"position\":1,\"name\":\"Home\",\"item\":\"https:\\\/\\\/www.enmo-services.eu\\\/fr\\\/\"},{\"@type\":\"ListItem\",\"position\":2,\"name\":\"ENMO pr\u00e9sent \u00e0 ISMA 2016\"}]},{\"@type\":\"WebSite\",\"@id\":\"https:\\\/\\\/www.enmo-services.eu\\\/fr\\\/#website\",\"url\":\"https:\\\/\\\/www.enmo-services.eu\\\/fr\\\/\",\"name\":\"ENMO\",\"description\":\"Service Partner in Sound &amp; Vibration\",\"potentialAction\":[{\"@type\":\"SearchAction\",\"target\":{\"@type\":\"EntryPoint\",\"urlTemplate\":\"https:\\\/\\\/www.enmo-services.eu\\\/fr\\\/?s={search_term_string}\"},\"query-input\":{\"@type\":\"PropertyValueSpecification\",\"valueRequired\":true,\"valueName\":\"search_term_string\"}}],\"inLanguage\":\"fr-FR\"},{\"@type\":\"Person\",\"@id\":\"https:\\\/\\\/www.enmo-services.eu\\\/fr\\\/#\\\/schema\\\/person\\\/3b2b921dc8467219bdd53c4bd9d82d8d\",\"name\":\"Dirk Bogaerts\",\"image\":{\"@type\":\"ImageObject\",\"inLanguage\":\"fr-FR\",\"@id\":\"https:\\\/\\\/secure.gravatar.com\\\/avatar\\\/26f190c41da3fd191114dff36673a18bdca71504a9a93ceea8d3b74530f3b7c7?s=96&d=mm&r=g\",\"url\":\"https:\\\/\\\/secure.gravatar.com\\\/avatar\\\/26f190c41da3fd191114dff36673a18bdca71504a9a93ceea8d3b74530f3b7c7?s=96&d=mm&r=g\",\"contentUrl\":\"https:\\\/\\\/secure.gravatar.com\\\/avatar\\\/26f190c41da3fd191114dff36673a18bdca71504a9a93ceea8d3b74530f3b7c7?s=96&d=mm&r=g\",\"caption\":\"Dirk Bogaerts\"},\"sameAs\":[\"http:\\\/\\\/Enmo%20Services\"],\"url\":\"https:\\\/\\\/www.enmo-services.eu\\\/fr\\\/author\\\/dirk\\\/\"}]}<\/script>\n<!-- \/ Yoast SEO plugin. -->","yoast_head_json":{"title":"ENMO pr\u00e9sent \u00e0 ISMA 2016 - ENMO","robots":{"index":"index","follow":"follow","max-snippet":"max-snippet:-1","max-image-preview":"max-image-preview:large","max-video-preview":"max-video-preview:-1"},"canonical":"https:\/\/www.enmo-services.eu\/fr\/enmo-aanwezig-tijdens-isma-2016\/","og_locale":"fr_FR","og_type":"article","og_title":"ENMO pr\u00e9sent \u00e0 ISMA 2016 - ENMO","og_description":"Du 19 jusqu\u2019au 21 septembre prochain, ENMO pr\u00e9sentera, en collaboration avec Br\u00fcel &amp; Kj\u00e6r, ses solutions pour la mesure du son et vibrations pendant la 27eme \u00e9dition de la \u2018\u2019international Conference on Noise and Vibration Engineering (ISMA)\u2019\u2019 \u00e0 Louvain.\u00a0Cette ann\u00e9e, le ISMA se d\u00e9roulera en collaboration avec la 5eme \u00e9dition du \u2018\u2019International Conference on Uncertainty [&hellip;]","og_url":"https:\/\/www.enmo-services.eu\/fr\/enmo-aanwezig-tijdens-isma-2016\/","og_site_name":"ENMO","article_published_time":"2016-04-19T14:03:10+00:00","article_modified_time":"2016-05-30T14:21:18+00:00","og_image":[{"width":250,"height":141,"url":"https:\/\/www.enmo-services.eu\/wp-content\/uploads\/2016\/04\/isma2016_blokjes_klein.png","type":"image\/png"}],"author":"Dirk Bogaerts","twitter_card":"summary_large_image","twitter_misc":{"\u00c9crit par":"Dirk Bogaerts","Dur\u00e9e de lecture estim\u00e9e":"1 minute"},"schema":{"@context":"https:\/\/schema.org","@graph":[{"@type":"Article","@id":"https:\/\/www.enmo-services.eu\/fr\/enmo-aanwezig-tijdens-isma-2016\/#article","isPartOf":{"@id":"https:\/\/www.enmo-services.eu\/fr\/enmo-aanwezig-tijdens-isma-2016\/"},"author":{"name":"Dirk Bogaerts","@id":"https:\/\/www.enmo-services.eu\/fr\/#\/schema\/person\/3b2b921dc8467219bdd53c4bd9d82d8d"},"headline":"ENMO pr\u00e9sent \u00e0 ISMA 2016","datePublished":"2016-04-19T14:03:10+00:00","dateModified":"2016-05-30T14:21:18+00:00","mainEntityOfPage":{"@id":"https:\/\/www.enmo-services.eu\/fr\/enmo-aanwezig-tijdens-isma-2016\/"},"wordCount":182,"commentCount":0,"image":{"@id":"https:\/\/www.enmo-services.eu\/fr\/enmo-aanwezig-tijdens-isma-2016\/#primaryimage"},"thumbnailUrl":"https:\/\/www.enmo-services.eu\/wp-content\/uploads\/2016\/04\/isma2016_blokjes_klein.png","articleSection":["Invisible"],"inLanguage":"fr-FR","potentialAction":[{"@type":"CommentAction","name":"Comment","target":["https:\/\/www.enmo-services.eu\/fr\/enmo-aanwezig-tijdens-isma-2016\/#respond"]}]},{"@type":"WebPage","@id":"https:\/\/www.enmo-services.eu\/fr\/enmo-aanwezig-tijdens-isma-2016\/","url":"https:\/\/www.enmo-services.eu\/fr\/enmo-aanwezig-tijdens-isma-2016\/","name":"ENMO pr\u00e9sent \u00e0 ISMA 2016 - ENMO","isPartOf":{"@id":"https:\/\/www.enmo-services.eu\/fr\/#website"},"primaryImageOfPage":{"@id":"https:\/\/www.enmo-services.eu\/fr\/enmo-aanwezig-tijdens-isma-2016\/#primaryimage"},"image":{"@id":"https:\/\/www.enmo-services.eu\/fr\/enmo-aanwezig-tijdens-isma-2016\/#primaryimage"},"thumbnailUrl":"https:\/\/www.enmo-services.eu\/wp-content\/uploads\/2016\/04\/isma2016_blokjes_klein.png","datePublished":"2016-04-19T14:03:10+00:00","dateModified":"2016-05-30T14:21:18+00:00","author":{"@id":"https:\/\/www.enmo-services.eu\/fr\/#\/schema\/person\/3b2b921dc8467219bdd53c4bd9d82d8d"},"breadcrumb":{"@id":"https:\/\/www.enmo-services.eu\/fr\/enmo-aanwezig-tijdens-isma-2016\/#breadcrumb"},"inLanguage":"fr-FR","potentialAction":[{"@type":"ReadAction","target":["https:\/\/www.enmo-services.eu\/fr\/enmo-aanwezig-tijdens-isma-2016\/"]}]},{"@type":"ImageObject","inLanguage":"fr-FR","@id":"https:\/\/www.enmo-services.eu\/fr\/enmo-aanwezig-tijdens-isma-2016\/#primaryimage","url":"https:\/\/www.enmo-services.eu\/wp-content\/uploads\/2016\/04\/isma2016_blokjes_klein.png","contentUrl":"https:\/\/www.enmo-services.eu\/wp-content\/uploads\/2016\/04\/isma2016_blokjes_klein.png","width":250,"height":141},{"@type":"BreadcrumbList","@id":"https:\/\/www.enmo-services.eu\/fr\/enmo-aanwezig-tijdens-isma-2016\/#breadcrumb","itemListElement":[{"@type":"ListItem","position":1,"name":"Home","item":"https:\/\/www.enmo-services.eu\/fr\/"},{"@type":"ListItem","position":2,"name":"ENMO pr\u00e9sent \u00e0 ISMA 2016"}]},{"@type":"WebSite","@id":"https:\/\/www.enmo-services.eu\/fr\/#website","url":"https:\/\/www.enmo-services.eu\/fr\/","name":"ENMO","description":"Service Partner in Sound &amp; Vibration","potentialAction":[{"@type":"SearchAction","target":{"@type":"EntryPoint","urlTemplate":"https:\/\/www.enmo-services.eu\/fr\/?s={search_term_string}"},"query-input":{"@type":"PropertyValueSpecification","valueRequired":true,"valueName":"search_term_string"}}],"inLanguage":"fr-FR"},{"@type":"Person","@id":"https:\/\/www.enmo-services.eu\/fr\/#\/schema\/person\/3b2b921dc8467219bdd53c4bd9d82d8d","name":"Dirk Bogaerts","image":{"@type":"ImageObject","inLanguage":"fr-FR","@id":"https:\/\/secure.gravatar.com\/avatar\/26f190c41da3fd191114dff36673a18bdca71504a9a93ceea8d3b74530f3b7c7?s=96&d=mm&r=g","url":"https:\/\/secure.gravatar.com\/avatar\/26f190c41da3fd191114dff36673a18bdca71504a9a93ceea8d3b74530f3b7c7?s=96&d=mm&r=g","contentUrl":"https:\/\/secure.gravatar.com\/avatar\/26f190c41da3fd191114dff36673a18bdca71504a9a93ceea8d3b74530f3b7c7?s=96&d=mm&r=g","caption":"Dirk Bogaerts"},"sameAs":["http:\/\/Enmo%20Services"],"url":"https:\/\/www.enmo-services.eu\/fr\/author\/dirk\/"}]}},"_links":{"self":[{"href":"https:\/\/www.enmo-services.eu\/fr\/wp-json\/wp\/v2\/posts\/1772","targetHints":{"allow":["GET"]}}],"collection":[{"href":"https:\/\/www.enmo-services.eu\/fr\/wp-json\/wp\/v2\/posts"}],"about":[{"href":"https:\/\/www.enmo-services.eu\/fr\/wp-json\/wp\/v2\/types\/post"}],"author":[{"embeddable":true,"href":"https:\/\/www.enmo-services.eu\/fr\/wp-json\/wp\/v2\/users\/6"}],"replies":[{"embeddable":true,"href":"https:\/\/www.enmo-services.eu\/fr\/wp-json\/wp\/v2\/comments?post=1772"}],"version-history":[{"count":4,"href":"https:\/\/www.enmo-services.eu\/fr\/wp-json\/wp\/v2\/posts\/1772\/revisions"}],"predecessor-version":[{"id":1776,"href":"https:\/\/www.enmo-services.eu\/fr\/wp-json\/wp\/v2\/posts\/1772\/revisions\/1776"}],"wp:featuredmedia":[{"embeddable":true,"href":"https:\/\/www.enmo-services.eu\/fr\/wp-json\/wp\/v2\/media\/1647"}],"wp:attachment":[{"href":"https:\/\/www.enmo-services.eu\/fr\/wp-json\/wp\/v2\/media?parent=1772"}],"wp:term":[{"taxonomy":"category","embeddable":true,"href":"https:\/\/www.enmo-services.eu\/fr\/wp-json\/wp\/v2\/categories?post=1772"},{"taxonomy":"post_tag","embeddable":true,"href":"https:\/\/www.enmo-services.eu\/fr\/wp-json\/wp\/v2\/tags?post=1772"}],"curies":[{"name":"wp","href":"https:\/\/api.w.org\/{rel}","templated":true}]}}